[{"@context":"https:\/\/schema.org\/","@type":"Article","@id":"https:\/\/www.aslan.sk\/vyrobca-lenovo-predstavil-svoj-miniaturny-pocitac\/#Article","mainEntityOfPage":"https:\/\/www.aslan.sk\/vyrobca-lenovo-predstavil-svoj-miniaturny-pocitac\/","headline":"V\u00fdrobca Lenovo predstavil svoj miniat\u00farny po\u010d\u00edta\u010d","name":"V\u00fdrobca Lenovo predstavil svoj miniat\u00farny po\u010d\u00edta\u010d","description":"U\u017e v\u00a0auguste tohto roku (2019) budeme svedkami doposia\u013e najmen\u0161ieho po\u010d\u00edta\u010da, ktor\u00fd so sebou ur\u010dite prinesie nieko\u013eko praktick\u00fdch v\u00fdhod. V\u00fdrobca Lenovo predstavil svoj model Lenovo ThinkCentre M90n-1 Nano s\u00a0hr\u00fabkou iba 22 mm a\u00a0hmotnos\u0165ou 505 gramov.S\u00a0rozmermi 179 x 88 x 22 mm v\u0161ak prinesie skuto\u010dne sol\u00eddny v\u00fdkon, o\u00a0ktor\u00fd sa okrem in\u00e9ho postar\u00e1...","datePublished":"2019-03-21","dateModified":"2019-03-21","author":{"@type":"Person","@id":"https:\/\/www.aslan.sk\/author\/devene\/#Person","name":"devene","url":"https:\/\/www.aslan.sk\/author\/devene\/","identifier":1,"image":{"@type":"ImageObject","@id":"https:\/\/secure.gravatar.com\/avatar\/03ef97ef22d1b0d07a8e6c50d88cc1823592c58a091286b466bcec36e31eaab2?s=96&d=mm&r=g","url":"https:\/\/secure.gravatar.com\/avatar\/03ef97ef22d1b0d07a8e6c50d88cc1823592c58a091286b466bcec36e31eaab2?s=96&d=mm&r=g","height":96,"width":96}},"publisher":{"@type":"Organization","name":"aslan.sk","logo":{"@type":"ImageObject","@id":"\/logo.png","url":"\/logo.png","width":600,"height":60}},"image":{"@type":"ImageObject","@id":"https:\/\/www.aslan.sk\/wp-content\/uploads\/img_a300998_w16529_t1558458985.jpg","url":"https:\/\/www.aslan.sk\/wp-content\/uploads\/img_a300998_w16529_t1558458985.jpg","height":0,"width":0},"url":"https:\/\/www.aslan.sk\/vyrobca-lenovo-predstavil-svoj-miniaturny-pocitac\/","wordCount":338,"articleBody":"U\u017e v\u00a0auguste tohto roku (2019) budeme svedkami doposia\u013e najmen\u0161ieho po\u010d\u00edta\u010da, ktor\u00fd so sebou ur\u010dite prinesie nieko\u013eko praktick\u00fdch v\u00fdhod. V\u00fdrobca Lenovo predstavil svoj model Lenovo ThinkCentre M90n-1 Nano s\u00a0hr\u00fabkou iba 22 mm a\u00a0hmotnos\u0165ou 505 gramov.S\u00a0rozmermi 179 x 88 x 22 mm v\u0161ak prinesie skuto\u010dne sol\u00eddny v\u00fdkon, o\u00a0ktor\u00fd sa okrem in\u00e9ho postar\u00e1 procesor Intel Core \u00f4smej gener\u00e1cie a\u00a0skvel\u00fdch 16 GB RAM (DDR4).Predstavte si tak po\u010d\u00edta\u010d men\u0161\u00ed ako star\u00e1 VHS kazeta, ktor\u00fd k\u00a0nap\u00e1janiu potrebuje iba jeden k\u00e1bel. Okrem miniatr\u00farnych rozmerov tak v\u010faka portu USB-C (2x) vrav\u00edme o\u00a0\u010fal\u0161ej ve\u013emi praktickej str\u00e1nke, v\u010faka ktorej sta\u010d\u00ed vyu\u017ei\u0165 USB-C k\u00e1bel k\u00a0pripojeniu zariadenia k\u00a0monitoru a\u00a0z\u00e1rove\u0148 k\u00a0nap\u00e1janiu. Op\u00e4\u0165 \u010fal\u0161\u00ed podstatn\u00fd faktor pri \u0161etren\u00ed miestom a\u00a0snahe dosiahnu\u0165 estetick\u00fd pracovn\u00fd priestor. Toto zariadenie miniat\u00farnych rozmerov aj napriek svojmu v\u00fdkonu spotrebuje o\u00a015 % elektrickej energie menej, ne\u017e regul\u00e1rny stoln\u00fd po\u010d\u00edta\u010d.Poskytuje takisto dostatok \u00falo\u017en\u00e9ho miesta, ktor\u00e9 je vyrie\u0161en\u00e9 pomocou dvoch 512 GB SSD diskov, \u010di\u017ee spolu tvoria kapacitu 1TB. Nezabudnime tie\u017e spomen\u00fa\u0165 potrebn\u00e9 porty k\u00a0pripojeniu r\u00f4znych zariaden\u00ed s\u00a0pr\u00edpojkou USB 3.1, respekt\u00edve po\u010d\u00edta\u010d disponuje 4x USB 3.1. Po\u010d\u00edta\u010d m\u00f4\u017eete prenies\u0165 a\u00a0n\u00e1sledne umiestni\u0165 prakticky kdeko\u013evek v\u010faka jeho praktick\u00fdm rozmerom, no pripojen\u00edm komponentov sa z\u00a0neho stane plne funk\u010dn\u00fd a\u00a0v\u00fdkonn\u00fd PC s\u00a0opera\u010dn\u00fdm syst\u00e9mom Windows 10 Pro, pr\u00edpadne Windows 10 Home. Frekvencia procesora sa orientuje niekde od 1,8 GHz po neuverite\u013en\u00fdch 4,6 Hz s\u00a0mo\u017enos\u0165ou Turbo Boost.\u00a0Aj napriek svojmu mal\u00e9mu telu m\u00e1 toto zariadenie tuh\u00fd korienok, nako\u013eko pre\u0161lo viacer\u00fdmi odolnostn\u00fdmi testmi a\u00a0z\u00e1rukou je jeho dlh\u00e1 \u017eivotnos\u0165 a\u00a0tie\u017e odolnostn\u00e1 str\u00e1nka, ktor\u00fa len tak nie\u010do neprekvap\u00ed. A\u00a0to je ur\u010dite pozit\u00edvna str\u00e1nka najm\u00e4 v pr\u00edpade, pokia\u013e vrav\u00edme o\u00a0jeho \u010dastom pren\u00e1\u0161an\u00ed.                                                                                                                                                                                                                                                                                                                                                                                        4.3\/5 - (3 votes)        "},{"@context":"https:\/\/schema.org\/","@type":"BreadcrumbList","itemListElement":[{"@type":"ListItem","position":1,"name":"V\u00fdrobca Lenovo predstavil svoj miniat\u00farny po\u010d\u00edta\u010d","item":"https:\/\/www.aslan.sk\/vyrobca-lenovo-predstavil-svoj-miniaturny-pocitac\/#breadcrumbitem"}]}]