[{"@context":"https:\/\/schema.org\/","@type":"Article","@id":"https:\/\/www.aslan.sk\/som-nestastna\/#Article","mainEntityOfPage":"https:\/\/www.aslan.sk\/som-nestastna\/","headline":"Som ne\u0161\u0165astn\u00e1","name":"Som ne\u0161\u0165astn\u00e1","description":"Vlastne v\u00f4bec neviem ako za\u010da\u0165. C\u00edtim sa stra\u0161ne unaven\u00e1 a vy\u010derpan\u00e1. V\u017edy som i\u0161la do vz\u0165ahu s \u010dist\u00fdm \u0161t\u00edtom otvoren\u00e1 \u00faprimn\u00e1 vern\u00e1 a to som \u010dakala od n\u00e1protivkov. Som vo vz\u0165ahu 6 rokov. M\u00f4j priate\u013e m\u00e1 dc\u00e9ru 8 rokov a nikdy neberie k n\u00e1m. Cel\u00fa t\u00fa dobu jazd\u00ed tam za...","datePublished":"2023-09-08","dateModified":"2023-09-08","author":{"@type":"Person","@id":"https:\/\/www.aslan.sk\/author\/devene\/#Person","name":"devene","url":"https:\/\/www.aslan.sk\/author\/devene\/","identifier":1,"image":{"@type":"ImageObject","@id":"https:\/\/secure.gravatar.com\/avatar\/03ef97ef22d1b0d07a8e6c50d88cc1823592c58a091286b466bcec36e31eaab2?s=96&d=mm&r=g","url":"https:\/\/secure.gravatar.com\/avatar\/03ef97ef22d1b0d07a8e6c50d88cc1823592c58a091286b466bcec36e31eaab2?s=96&d=mm&r=g","height":96,"width":96}},"publisher":{"@type":"Organization","name":"aslan.sk","logo":{"@type":"ImageObject","@id":"\/logo.png","url":"\/logo.png","width":600,"height":60}},"image":{"@type":"ImageObject","@id":"https:\/\/www.aslan.sk\/wp-content\/uploads\/download_10_10_10_10_10_10_10_10_10_10_10_10_10_10_10_10_10_10_10_10_10_10_10_10_2.jpg","url":"https:\/\/www.aslan.sk\/wp-content\/uploads\/download_10_10_10_10_10_10_10_10_10_10_10_10_10_10_10_10_10_10_10_10_10_10_10_10_2.jpg","height":0,"width":0},"url":"https:\/\/www.aslan.sk\/som-nestastna\/","about":["Lifestyle"],"wordCount":510,"articleBody":"Vlastne v\u00f4bec neviem ako za\u010da\u0165. C\u00edtim sa stra\u0161ne unaven\u00e1 a vy\u010derpan\u00e1. V\u017edy som i\u0161la do vz\u0165ahu s \u010dist\u00fdm \u0161t\u00edtom otvoren\u00e1 \u00faprimn\u00e1 vern\u00e1 a to som \u010dakala od n\u00e1protivkov. Som vo vz\u0165ahu 6 rokov. M\u00f4j priate\u013e m\u00e1 dc\u00e9ru 8 rokov a nikdy neberie k n\u00e1m. Cel\u00fa t\u00fa dobu jazd\u00ed tam za mal\u00fa a cel\u00fa t\u00fa dobu ma to ni\u010d\u00ed xkr\u00e1t sme o tom hovorili a zaka\u017ed\u00fdm to bolo nie\u010do ako mal\u00e1 nechce alebo je chor\u00e1 at\u010f. Po prvom roku mi bol s ex nevern\u00fd raz mo\u017eno raz, viem \u017ee ona na \u0148u st\u00e1le \u010dak\u00e1. Prisahal \u017ee ma miluje ale ja u\u017e to nejako od neho prest\u00e1vam c\u00edti\u0165 schv\u00e1lne som \u010dakala \u010di pr\u00edde on s\u00e1m a pobozk\u00e1 ma alebo obj\u00edme a \u010dakala som t\u00fd\u017ede\u0148 po t\u00fd\u017edni sme sa o tom za\u010dali bavi\u0165 \u017ee som nejak\u00e1 divn\u00e1 ja mu to v\u0161etko povedala a on zase \u017ee ma miluje, v\u00e1\u0161nivo ma bozk\u00e1val milovali sme sa\u2026.Ale\u2026.. pripad\u00e1 mi to vyn\u00faten\u00e9\u2026..A potom s\u00fa to tak\u00e9 prkotiny zdanlivo, ktor\u00e9 ma v\u017edy dost\u00e1vaj\u00fa do kolien, napr\u00edklad ke\u010f si dal moju fotku na pozad\u00ed kontaktu a potom som si v\u0161imla \u017ee na pozad\u00ed jej kontaktu si dal ve\u013emi pekn\u00fa fotku, \u017ee si s t\u00fdm dal pr\u00e1cu pritom na pozad\u00ed kontaktu \u017eiadny fotky nikoho nem\u00e1 iba m\u0148a a jej. M\u00f4\u017ee sa tam kedyko\u013evek vr\u00e1ti\u0165 m\u00f4\u017ee tam by\u0165 st\u00e1le ona je bohat\u00e1 m\u00e1 v\u0161etko a napriek tomu tam nejde. Pre\u010do? Pre\u010do s\u00fa niekedy chv\u00edle kedy sa st\u00e1le bozk\u00e1vame dot\u00fdkame milujeme a pre\u010do pr\u00edde obdobie t\u00fd\u017ede\u0148 2, 3 kedy sa ma ani nedotkne nem\u00e1 potrebu. Pre\u010do a\u017e tak ve\u013emi prem\u00fd\u0161\u013eame pre\u010do nie s\u00fa veci jasn\u00e9 pre\u010do ke\u010f c\u00edtime \u017ee ten druh\u00fd u\u017e to nem\u00e1 tomu nechceme uveri\u0165, mo\u017eno to m\u00e1, mo\u017eno sme to len zle pochopili treba ma skuto\u010dne svojim sp\u00f4sobom miluje ale my m\u00e1me nejak\u00e9 svoje predstavy, ako by to malo vyzera\u0165 a ono to tak nie je a m\u00f4\u017eeme o tom hovori\u0165 ale pokava\u010f tam nie\u010do je zle tak on n\u00e1m to aj tak nepoviem. Ot\u00e1zka znie veri\u0165 svojmu in\u0161tinktu?Preto\u017ee ke\u010f c\u00edtim \u017ee nie\u010do je zle tak to tak obvykle je\u2026.. Najhor\u0161ie je \u017ee si sa mi za\u010d\u00edna st\u00e1va\u0165 troska a ja tak\u00e1 nikdy nebola. Som bola vesel\u00e1 nabit\u00e1 energiou a teraz sa c\u00edtim stra\u0161ne unaven\u00e1 a ni\u010d nechcem chcem spa\u0165 napr\u00edklad nafurt &#8230;.. Stra\u0161ne mi to berie energiu namiesto aby ma to do bio ten vz\u0165ah a pritom sa zdanlivo v\u00f4bec ni\u010d nedeje fungujeme norm\u00e1lne ale ja si hovor\u00edm \u010di by ma jednoducho nebolo lep\u0161ie keby som bola sama na druh\u00fa stranu ho m\u00e1m rada nechcem o neho pr\u00eds\u0165&#8230;                                                                                                                                                                                                                                                                                                                                                                                        4.4\/5 - (9 votes)        "},{"@context":"https:\/\/schema.org\/","@type":"BreadcrumbList","itemListElement":[{"@type":"ListItem","position":1,"name":"Som ne\u0161\u0165astn\u00e1","item":"https:\/\/www.aslan.sk\/som-nestastna\/#breadcrumbitem"}]}]