[{"@context":"https:\/\/schema.org\/","@type":"Article","@id":"https:\/\/www.aslan.sk\/covidova-pandemia\/#Article","mainEntityOfPage":"https:\/\/www.aslan.sk\/covidova-pandemia\/","headline":"Covidov\u00e1 pand\u00e9mia","name":"Covidov\u00e1 pand\u00e9mia","description":"Pam\u00e4t\u00e1te si na doby, kedy sa prv\u00fdkr\u00e1t objavil covid 19? Vtedy v\u0161etci boli vystra\u0161en\u00ed, \u010do \u017ee to je vlastne za chorobu a odkia\u013e poch\u00e1dza. Niektor\u00ed dokonca \u0161pekulovali nad t\u00fdm, \u017ee ich vyvinula \u010c\u00edna. Ja som covid 19 mala a m\u00f4\u017eem zo svojej sk\u00fasenosti poveda\u0165, \u017ee to naozaj nebolo ni\u010d pr\u00edjemn\u00e9....","datePublished":"2023-12-15","dateModified":"2024-01-16","author":{"@type":"Person","@id":"https:\/\/www.aslan.sk\/author\/devene\/#Person","name":"devene","url":"https:\/\/www.aslan.sk\/author\/devene\/","identifier":1,"image":{"@type":"ImageObject","@id":"https:\/\/secure.gravatar.com\/avatar\/03ef97ef22d1b0d07a8e6c50d88cc1823592c58a091286b466bcec36e31eaab2?s=96&d=mm&r=g","url":"https:\/\/secure.gravatar.com\/avatar\/03ef97ef22d1b0d07a8e6c50d88cc1823592c58a091286b466bcec36e31eaab2?s=96&d=mm&r=g","height":96,"width":96}},"publisher":{"@type":"Organization","name":"aslan.sk","logo":{"@type":"ImageObject","@id":"\/logo.png","url":"\/logo.png","width":600,"height":60}},"image":{"@type":"ImageObject","@id":"https:\/\/www.aslan.sk\/wp-content\/uploads\/coronavirus-5704493_1280.png","url":"https:\/\/www.aslan.sk\/wp-content\/uploads\/coronavirus-5704493_1280.png","height":0,"width":0},"url":"https:\/\/www.aslan.sk\/covidova-pandemia\/","about":["Tovar"],"wordCount":403,"articleBody":"      Pam\u00e4t\u00e1te si na doby, kedy sa prv\u00fdkr\u00e1t objavil covid 19? Vtedy v\u0161etci boli vystra\u0161en\u00ed, \u010do \u017ee to je vlastne za chorobu a odkia\u013e poch\u00e1dza. Niektor\u00ed dokonca \u0161pekulovali nad t\u00fdm, \u017ee ich vyvinula \u010c\u00edna. Ja som covid 19 mala a m\u00f4\u017eem zo svojej sk\u00fasenosti poveda\u0165, \u017ee to naozaj nebolo ni\u010d pr\u00edjemn\u00e9. Bolo mi zle, to\u010dila sa mi hlava a nec\u00edtila som sa v\u00f4bec dobre. Aj moja dc\u00e9ra mala \u010dovid 19. V tom \u010dase som sa o nej stra\u0161ne b\u00e1la, preto\u017ee som mala strach. M\u00e9di\u00e1 toti\u017e \u010dasto ukazovali v telev\u00edzii pr\u00edpady, ke\u010f na covid 19 niekto zomrel. Moja dc\u00e9ra mala \u0161tyri mesiace, ke\u010f Covid 19 dostala. Ako pre matku to pre m\u0148a bolo hrozn\u00e9. Tak\u00fd strach som e\u0161te o nikoho neza\u017eila.Bolo to hrozn\u00e9 a som rada, \u017ee u\u017e je to za mnou. M\u00f4\u017eem v\u00e1m poveda\u0165, \u017ee to bola pre m\u0148a hrozn\u00e1 sk\u00fasenos\u0165 a nechcem, aby sa zopakovala znova. Na\u0161\u0165astie covid 19 u\u017e celkom ust\u00fapil, ale v \u010dase, ke\u010f bola pand\u00e9mia, mal ka\u017ed\u00fd strach o svoj \u017eivot, jednu dobu bol dokonca nariaden\u00fd z\u00e1kaz vych\u00e1dzania z domov. Mohli ste chodi\u0165 iba na n\u00e1kup a zase domov. Za m\u0148a je \u010dovid 19 choroba, ktor\u00e1 je celkom nebezpe\u010dn\u00e1, ale asi sk\u00f4r pre star\u0161\u00edch \u013eud\u00ed, ktor\u00ed u\u017e nemaj\u00fa tak\u00fa siln\u00fa imunitu. Mlad\u00ed \u013eudia sa tak ve\u013emi nemusia b\u00e1\u0165. Na zistenie covidu 19 sa v tom \u010dase pou\u017e\u00edvali antig\u00e9nov\u00e9 testy, ktor\u00e9 sa vlo\u017eili do \u00fast. A \u010dakalo sa na v\u00fdsledky. M\u00f4\u017eem v\u00e1m poveda\u0165, \u017ee pand\u00e9mia covidu dok\u00e1zala vystra\u0161i\u0165 ve\u013ea \u013eud\u00ed.V\u010faka bohu, \u017ee je t\u00e1 najv\u00e4\u010d\u0161ia pand\u00e9mia za nami a sn\u00e1\u010f u\u017e sa na na\u0161ej plan\u00e9te \u017eiadna tak\u00e1 \u010fal\u0161ia choroba nevyskytne. D\u00fafajme v to. Nezabudnite ale na to, \u017ee pred v\u0161etk\u00fdmi chorobami je najlep\u0161ou ochranou zelenina a ovocie. Dod\u00e1 v\u00e1m potrebn\u00e9 vitam\u00edny a budete odolnej\u0161ie proti v\u0161etk\u00fdm chorob\u00e1m. A aj ke\u010f treba nejak\u00fa  http:\/\/www.poutnikovacetba.cz\/ordo-salutis\/mame-nejaku-strategiu-peter-masters.html e\u0161te chyt\u00edte, jej priebeh bude lep\u0161\u00ed. Nezab\u00fadajte na to. A nebojte sa \u010dovidu, ten u\u017e je na\u0161\u0165astie d\u00e1vno za nami a sn\u00e1\u010f sa nikdy u\u017e nevr\u00e1ti a neobjav\u00ed sa tu na plan\u00e9te.                                                                                                                                                                                                                                                                                                                                                                                          4.4\/5 - (8 votes)        "},{"@context":"https:\/\/schema.org\/","@type":"BreadcrumbList","itemListElement":[{"@type":"ListItem","position":1,"name":"Covidov\u00e1 pand\u00e9mia","item":"https:\/\/www.aslan.sk\/covidova-pandemia\/#breadcrumbitem"}]}]